{"id":6905,"date":"2026-04-24T15:46:49","date_gmt":"2026-04-24T15:46:49","guid":{"rendered":"https:\/\/maxdivani.it\/non-classe\/visite-virtuelle-du-salon-du-meuble-de-milan-2026\/"},"modified":"2026-04-28T14:26:09","modified_gmt":"2026-04-28T14:26:09","slug":"visite-virtuelle-du-salon-du-meuble-de-milan-2026","status":"publish","type":"post","link":"https:\/\/maxdivani.it\/fr\/actualites-et-evenements\/visite-virtuelle-du-salon-du-meuble-de-milan-2026\/","title":{"rendered":"Visite virtuelle du Salon du meuble de Milan 2026"},"content":{"rendered":"\t\t<div data-elementor-type=\"wp-post\" data-elementor-id=\"6905\" class=\"elementor elementor-6905 elementor-6864\" data-elementor-post-type=\"post\">\n\t\t\t\t<div class=\"elementor-element elementor-element-c4bd44d e-flex e-con-boxed e-con e-parent\" data-id=\"c4bd44d\" data-element_type=\"container\" data-e-type=\"container\">\n\t\t\t\t\t<div class=\"e-con-inner\">\n\t\t\t\t<div class=\"elementor-element elementor-element-584da06 elementor-widget elementor-widget-text-editor\" data-id=\"584da06\" data-element_type=\"widget\" data-e-type=\"widget\" data-widget_type=\"text-editor.default\">\n\t\t\t\t\t\t\t\t\t<p>Revivez le Salon du meuble de Milan 2026 \u00e0 travers la visite virtuelle et d\u00e9couvrez la nouvelle collection de MaxDivani.<\/p>\n\t\t\t\t\t\t\t\t<\/div>\n\t\t\t\t\t<\/div>\n\t\t\t\t<\/div>\n\t\t<div class=\"elementor-element elementor-element-32aae8f e-flex e-con-boxed e-con e-parent\" data-id=\"32aae8f\" data-element_type=\"container\" data-e-type=\"container\">\n\t\t\t\t\t<div class=\"e-con-inner\">\n\t\t\t\t<div class=\"elementor-element elementor-element-12a5e04 elementor-widget elementor-widget-html\" data-id=\"12a5e04\" data-element_type=\"widget\" data-e-type=\"widget\" data-widget_type=\"html.default\">\n\t\t\t\t\t<iframe width=\"853\" height=\"480\" src=\"https:\/\/my.matterport.com\/show\/?m=AbYbW335qBF\" frameborder=\"0\" allowfullscreen allow=\"autoplay; fullscreen; web-share; xr-spatial-tracking;\"><\/iframe>\t\t\t\t<\/div>\n\t\t\t\t\t<\/div>\n\t\t\t\t<\/div>\n\t\t\t\t<\/div>\n\t\t","protected":false},"excerpt":{"rendered":"<p>Revivez le Salon du meuble de Milan 2026 \u00e0 travers la visite virtuelle et d\u00e9couvrez la nouvelle collection de MaxDivani.<\/p>\n","protected":false},"author":1,"featured_media":6914,"comment_status":"closed","ping_status":"closed","sticky":false,"template":"","format":"standard","meta":{"_acf_changed":false,"footnotes":""},"categories":[32],"tags":[],"class_list":["post-6905","post","type-post","status-publish","format-standard","has-post-thumbnail","hentry","category-actualites-et-evenements"],"acf":[],"yoast_head":"<!-- This site is optimized with the Yoast SEO plugin v27.5 - https:\/\/yoast.com\/product\/yoast-seo-wordpress\/ -->\n<title>Visite virtuelle du Salon du meuble de Milan 2026 - MAXDIVANI<\/title>\n<meta name=\"robots\" content=\"index, follow, max-snippet:-1, max-image-preview:large, max-video-preview:-1\" \/>\n<link rel=\"canonical\" href=\"https:\/\/maxdivani.it\/news-ed-eventi\/virtual-tour-salone-del-mobile-di-milano-2026\/\" \/>\n<meta property=\"og:locale\" content=\"fr_FR\" \/>\n<meta property=\"og:type\" content=\"article\" \/>\n<meta property=\"og:title\" content=\"Visite virtuelle du Salon du meuble de Milan 2026 - MAXDIVANI\" \/>\n<meta property=\"og:description\" content=\"Revivez le Salon du meuble de Milan 2026 \u00e0 travers la visite virtuelle et d\u00e9couvrez la nouvelle collection de MaxDivani.\" \/>\n<meta property=\"og:url\" content=\"https:\/\/maxdivani.it\/news-ed-eventi\/virtual-tour-salone-del-mobile-di-milano-2026\/\" \/>\n<meta property=\"og:site_name\" content=\"MAXDIVANI\" \/>\n<meta property=\"article:published_time\" content=\"2026-04-24T15:46:49+00:00\" \/>\n<meta property=\"article:modified_time\" content=\"2026-04-28T14:26:09+00:00\" \/>\n<meta property=\"og:image\" content=\"https:\/\/maxdivani.it\/wp-content\/uploads\/2026\/04\/foto_salone_2026.webp\" \/>\n\t<meta property=\"og:image:width\" content=\"1200\" \/>\n\t<meta property=\"og:image:height\" content=\"800\" \/>\n\t<meta property=\"og:image:type\" content=\"image\/webp\" \/>\n<meta name=\"author\" content=\"admin\" \/>\n<meta name=\"twitter:card\" content=\"summary_large_image\" \/>\n<meta name=\"twitter:label1\" content=\"\u00c9crit par\" \/>\n\t<meta name=\"twitter:data1\" content=\"admin\" \/>\n<script type=\"application\/ld+json\" class=\"yoast-schema-graph\">{\"@context\":\"https:\\\/\\\/schema.org\",\"@graph\":[{\"@type\":\"Article\",\"@id\":\"https:\\\/\\\/maxdivani.it\\\/news-ed-eventi\\\/virtual-tour-salone-del-mobile-di-milano-2026\\\/#article\",\"isPartOf\":{\"@id\":\"https:\\\/\\\/maxdivani.it\\\/news-ed-eventi\\\/virtual-tour-salone-del-mobile-di-milano-2026\\\/\"},\"author\":{\"name\":\"admin\",\"@id\":\"https:\\\/\\\/maxdivani.it\\\/#\\\/schema\\\/person\\\/24eea620b34d19b345f7b38169b7c87c\"},\"headline\":\"Visite virtuelle du Salon du meuble de Milan 2026\",\"datePublished\":\"2026-04-24T15:46:49+00:00\",\"dateModified\":\"2026-04-28T14:26:09+00:00\",\"mainEntityOfPage\":{\"@id\":\"https:\\\/\\\/maxdivani.it\\\/news-ed-eventi\\\/virtual-tour-salone-del-mobile-di-milano-2026\\\/\"},\"wordCount\":27,\"publisher\":{\"@id\":\"https:\\\/\\\/maxdivani.it\\\/#organization\"},\"image\":{\"@id\":\"https:\\\/\\\/maxdivani.it\\\/news-ed-eventi\\\/virtual-tour-salone-del-mobile-di-milano-2026\\\/#primaryimage\"},\"thumbnailUrl\":\"https:\\\/\\\/maxdivani.it\\\/wp-content\\\/uploads\\\/2026\\\/04\\\/foto_salone_2026.webp\",\"articleSection\":[\"Actualit\u00e9s et \u00e9v\u00e9nements\"],\"inLanguage\":\"fr-FR\"},{\"@type\":\"WebPage\",\"@id\":\"https:\\\/\\\/maxdivani.it\\\/news-ed-eventi\\\/virtual-tour-salone-del-mobile-di-milano-2026\\\/\",\"url\":\"https:\\\/\\\/maxdivani.it\\\/news-ed-eventi\\\/virtual-tour-salone-del-mobile-di-milano-2026\\\/\",\"name\":\"Visite virtuelle du Salon du meuble de Milan 2026 - MAXDIVANI\",\"isPartOf\":{\"@id\":\"https:\\\/\\\/maxdivani.it\\\/#website\"},\"primaryImageOfPage\":{\"@id\":\"https:\\\/\\\/maxdivani.it\\\/news-ed-eventi\\\/virtual-tour-salone-del-mobile-di-milano-2026\\\/#primaryimage\"},\"image\":{\"@id\":\"https:\\\/\\\/maxdivani.it\\\/news-ed-eventi\\\/virtual-tour-salone-del-mobile-di-milano-2026\\\/#primaryimage\"},\"thumbnailUrl\":\"https:\\\/\\\/maxdivani.it\\\/wp-content\\\/uploads\\\/2026\\\/04\\\/foto_salone_2026.webp\",\"datePublished\":\"2026-04-24T15:46:49+00:00\",\"dateModified\":\"2026-04-28T14:26:09+00:00\",\"breadcrumb\":{\"@id\":\"https:\\\/\\\/maxdivani.it\\\/news-ed-eventi\\\/virtual-tour-salone-del-mobile-di-milano-2026\\\/#breadcrumb\"},\"inLanguage\":\"fr-FR\",\"potentialAction\":[{\"@type\":\"ReadAction\",\"target\":[\"https:\\\/\\\/maxdivani.it\\\/news-ed-eventi\\\/virtual-tour-salone-del-mobile-di-milano-2026\\\/\"]}]},{\"@type\":\"ImageObject\",\"inLanguage\":\"fr-FR\",\"@id\":\"https:\\\/\\\/maxdivani.it\\\/news-ed-eventi\\\/virtual-tour-salone-del-mobile-di-milano-2026\\\/#primaryimage\",\"url\":\"https:\\\/\\\/maxdivani.it\\\/wp-content\\\/uploads\\\/2026\\\/04\\\/foto_salone_2026.webp\",\"contentUrl\":\"https:\\\/\\\/maxdivani.it\\\/wp-content\\\/uploads\\\/2026\\\/04\\\/foto_salone_2026.webp\",\"width\":1200,\"height\":800},{\"@type\":\"BreadcrumbList\",\"@id\":\"https:\\\/\\\/maxdivani.it\\\/news-ed-eventi\\\/virtual-tour-salone-del-mobile-di-milano-2026\\\/#breadcrumb\",\"itemListElement\":[{\"@type\":\"ListItem\",\"position\":1,\"name\":\"Home\",\"item\":\"https:\\\/\\\/maxdivani.it\\\/fr\\\/\"},{\"@type\":\"ListItem\",\"position\":2,\"name\":\"Visite virtuelle du Salon du meuble de Milan 2026\"}]},{\"@type\":\"WebSite\",\"@id\":\"https:\\\/\\\/maxdivani.it\\\/#website\",\"url\":\"https:\\\/\\\/maxdivani.it\\\/\",\"name\":\"MAXDIVANI\",\"description\":\"100% MADE IN ITALY\",\"publisher\":{\"@id\":\"https:\\\/\\\/maxdivani.it\\\/#organization\"},\"potentialAction\":[{\"@type\":\"SearchAction\",\"target\":{\"@type\":\"EntryPoint\",\"urlTemplate\":\"https:\\\/\\\/maxdivani.it\\\/?s={search_term_string}\"},\"query-input\":{\"@type\":\"PropertyValueSpecification\",\"valueRequired\":true,\"valueName\":\"search_term_string\"}}],\"inLanguage\":\"fr-FR\"},{\"@type\":\"Organization\",\"@id\":\"https:\\\/\\\/maxdivani.it\\\/#organization\",\"name\":\"MAXDIVANI\",\"url\":\"https:\\\/\\\/maxdivani.it\\\/\",\"logo\":{\"@type\":\"ImageObject\",\"inLanguage\":\"fr-FR\",\"@id\":\"https:\\\/\\\/maxdivani.it\\\/#\\\/schema\\\/logo\\\/image\\\/\",\"url\":\"https:\\\/\\\/maxdivani.it\\\/wp-content\\\/uploads\\\/2026\\\/02\\\/logo_maxdivani.svg\",\"contentUrl\":\"https:\\\/\\\/maxdivani.it\\\/wp-content\\\/uploads\\\/2026\\\/02\\\/logo_maxdivani.svg\",\"width\":566,\"height\":141,\"caption\":\"MAXDIVANI\"},\"image\":{\"@id\":\"https:\\\/\\\/maxdivani.it\\\/#\\\/schema\\\/logo\\\/image\\\/\"}},{\"@type\":\"Person\",\"@id\":\"https:\\\/\\\/maxdivani.it\\\/#\\\/schema\\\/person\\\/24eea620b34d19b345f7b38169b7c87c\",\"name\":\"admin\",\"image\":{\"@type\":\"ImageObject\",\"inLanguage\":\"fr-FR\",\"@id\":\"https:\\\/\\\/secure.gravatar.com\\\/avatar\\\/9d09b7749e97a60868085dad851a5b27bc93f751c3f4c22def2400ec8ef9556a?s=96&d=mm&r=g\",\"url\":\"https:\\\/\\\/secure.gravatar.com\\\/avatar\\\/9d09b7749e97a60868085dad851a5b27bc93f751c3f4c22def2400ec8ef9556a?s=96&d=mm&r=g\",\"contentUrl\":\"https:\\\/\\\/secure.gravatar.com\\\/avatar\\\/9d09b7749e97a60868085dad851a5b27bc93f751c3f4c22def2400ec8ef9556a?s=96&d=mm&r=g\",\"caption\":\"admin\"},\"sameAs\":[\"https:\\\/\\\/maxdivani.it\"],\"url\":\"https:\\\/\\\/maxdivani.it\\\/fr\\\/author\\\/admin_boqdntwl\\\/\"}]}<\/script>\n<!-- \/ Yoast SEO plugin. -->","yoast_head_json":{"title":"Visite virtuelle du Salon du meuble de Milan 2026 - MAXDIVANI","robots":{"index":"index","follow":"follow","max-snippet":"max-snippet:-1","max-image-preview":"max-image-preview:large","max-video-preview":"max-video-preview:-1"},"canonical":"https:\/\/maxdivani.it\/news-ed-eventi\/virtual-tour-salone-del-mobile-di-milano-2026\/","og_locale":"fr_FR","og_type":"article","og_title":"Visite virtuelle du Salon du meuble de Milan 2026 - MAXDIVANI","og_description":"Revivez le Salon du meuble de Milan 2026 \u00e0 travers la visite virtuelle et d\u00e9couvrez la nouvelle collection de MaxDivani.","og_url":"https:\/\/maxdivani.it\/news-ed-eventi\/virtual-tour-salone-del-mobile-di-milano-2026\/","og_site_name":"MAXDIVANI","article_published_time":"2026-04-24T15:46:49+00:00","article_modified_time":"2026-04-28T14:26:09+00:00","og_image":[{"width":1200,"height":800,"url":"https:\/\/maxdivani.it\/wp-content\/uploads\/2026\/04\/foto_salone_2026.webp","type":"image\/webp"}],"author":"admin","twitter_card":"summary_large_image","twitter_misc":{"\u00c9crit par":"admin"},"schema":{"@context":"https:\/\/schema.org","@graph":[{"@type":"Article","@id":"https:\/\/maxdivani.it\/news-ed-eventi\/virtual-tour-salone-del-mobile-di-milano-2026\/#article","isPartOf":{"@id":"https:\/\/maxdivani.it\/news-ed-eventi\/virtual-tour-salone-del-mobile-di-milano-2026\/"},"author":{"name":"admin","@id":"https:\/\/maxdivani.it\/#\/schema\/person\/24eea620b34d19b345f7b38169b7c87c"},"headline":"Visite virtuelle du Salon du meuble de Milan 2026","datePublished":"2026-04-24T15:46:49+00:00","dateModified":"2026-04-28T14:26:09+00:00","mainEntityOfPage":{"@id":"https:\/\/maxdivani.it\/news-ed-eventi\/virtual-tour-salone-del-mobile-di-milano-2026\/"},"wordCount":27,"publisher":{"@id":"https:\/\/maxdivani.it\/#organization"},"image":{"@id":"https:\/\/maxdivani.it\/news-ed-eventi\/virtual-tour-salone-del-mobile-di-milano-2026\/#primaryimage"},"thumbnailUrl":"https:\/\/maxdivani.it\/wp-content\/uploads\/2026\/04\/foto_salone_2026.webp","articleSection":["Actualit\u00e9s et \u00e9v\u00e9nements"],"inLanguage":"fr-FR"},{"@type":"WebPage","@id":"https:\/\/maxdivani.it\/news-ed-eventi\/virtual-tour-salone-del-mobile-di-milano-2026\/","url":"https:\/\/maxdivani.it\/news-ed-eventi\/virtual-tour-salone-del-mobile-di-milano-2026\/","name":"Visite virtuelle du Salon du meuble de Milan 2026 - MAXDIVANI","isPartOf":{"@id":"https:\/\/maxdivani.it\/#website"},"primaryImageOfPage":{"@id":"https:\/\/maxdivani.it\/news-ed-eventi\/virtual-tour-salone-del-mobile-di-milano-2026\/#primaryimage"},"image":{"@id":"https:\/\/maxdivani.it\/news-ed-eventi\/virtual-tour-salone-del-mobile-di-milano-2026\/#primaryimage"},"thumbnailUrl":"https:\/\/maxdivani.it\/wp-content\/uploads\/2026\/04\/foto_salone_2026.webp","datePublished":"2026-04-24T15:46:49+00:00","dateModified":"2026-04-28T14:26:09+00:00","breadcrumb":{"@id":"https:\/\/maxdivani.it\/news-ed-eventi\/virtual-tour-salone-del-mobile-di-milano-2026\/#breadcrumb"},"inLanguage":"fr-FR","potentialAction":[{"@type":"ReadAction","target":["https:\/\/maxdivani.it\/news-ed-eventi\/virtual-tour-salone-del-mobile-di-milano-2026\/"]}]},{"@type":"ImageObject","inLanguage":"fr-FR","@id":"https:\/\/maxdivani.it\/news-ed-eventi\/virtual-tour-salone-del-mobile-di-milano-2026\/#primaryimage","url":"https:\/\/maxdivani.it\/wp-content\/uploads\/2026\/04\/foto_salone_2026.webp","contentUrl":"https:\/\/maxdivani.it\/wp-content\/uploads\/2026\/04\/foto_salone_2026.webp","width":1200,"height":800},{"@type":"BreadcrumbList","@id":"https:\/\/maxdivani.it\/news-ed-eventi\/virtual-tour-salone-del-mobile-di-milano-2026\/#breadcrumb","itemListElement":[{"@type":"ListItem","position":1,"name":"Home","item":"https:\/\/maxdivani.it\/fr\/"},{"@type":"ListItem","position":2,"name":"Visite virtuelle du Salon du meuble de Milan 2026"}]},{"@type":"WebSite","@id":"https:\/\/maxdivani.it\/#website","url":"https:\/\/maxdivani.it\/","name":"MAXDIVANI","description":"100% MADE IN ITALY","publisher":{"@id":"https:\/\/maxdivani.it\/#organization"},"potentialAction":[{"@type":"SearchAction","target":{"@type":"EntryPoint","urlTemplate":"https:\/\/maxdivani.it\/?s={search_term_string}"},"query-input":{"@type":"PropertyValueSpecification","valueRequired":true,"valueName":"search_term_string"}}],"inLanguage":"fr-FR"},{"@type":"Organization","@id":"https:\/\/maxdivani.it\/#organization","name":"MAXDIVANI","url":"https:\/\/maxdivani.it\/","logo":{"@type":"ImageObject","inLanguage":"fr-FR","@id":"https:\/\/maxdivani.it\/#\/schema\/logo\/image\/","url":"https:\/\/maxdivani.it\/wp-content\/uploads\/2026\/02\/logo_maxdivani.svg","contentUrl":"https:\/\/maxdivani.it\/wp-content\/uploads\/2026\/02\/logo_maxdivani.svg","width":566,"height":141,"caption":"MAXDIVANI"},"image":{"@id":"https:\/\/maxdivani.it\/#\/schema\/logo\/image\/"}},{"@type":"Person","@id":"https:\/\/maxdivani.it\/#\/schema\/person\/24eea620b34d19b345f7b38169b7c87c","name":"admin","image":{"@type":"ImageObject","inLanguage":"fr-FR","@id":"https:\/\/secure.gravatar.com\/avatar\/9d09b7749e97a60868085dad851a5b27bc93f751c3f4c22def2400ec8ef9556a?s=96&d=mm&r=g","url":"https:\/\/secure.gravatar.com\/avatar\/9d09b7749e97a60868085dad851a5b27bc93f751c3f4c22def2400ec8ef9556a?s=96&d=mm&r=g","contentUrl":"https:\/\/secure.gravatar.com\/avatar\/9d09b7749e97a60868085dad851a5b27bc93f751c3f4c22def2400ec8ef9556a?s=96&d=mm&r=g","caption":"admin"},"sameAs":["https:\/\/maxdivani.it"],"url":"https:\/\/maxdivani.it\/fr\/author\/admin_boqdntwl\/"}]}},"_links":{"self":[{"href":"https:\/\/maxdivani.it\/fr\/wp-json\/wp\/v2\/posts\/6905","targetHints":{"allow":["GET"]}}],"collection":[{"href":"https:\/\/maxdivani.it\/fr\/wp-json\/wp\/v2\/posts"}],"about":[{"href":"https:\/\/maxdivani.it\/fr\/wp-json\/wp\/v2\/types\/post"}],"author":[{"embeddable":true,"href":"https:\/\/maxdivani.it\/fr\/wp-json\/wp\/v2\/users\/1"}],"replies":[{"embeddable":true,"href":"https:\/\/maxdivani.it\/fr\/wp-json\/wp\/v2\/comments?post=6905"}],"version-history":[{"count":2,"href":"https:\/\/maxdivani.it\/fr\/wp-json\/wp\/v2\/posts\/6905\/revisions"}],"predecessor-version":[{"id":6917,"href":"https:\/\/maxdivani.it\/fr\/wp-json\/wp\/v2\/posts\/6905\/revisions\/6917"}],"wp:featuredmedia":[{"embeddable":true,"href":"https:\/\/maxdivani.it\/fr\/wp-json\/wp\/v2\/media\/6914"}],"wp:attachment":[{"href":"https:\/\/maxdivani.it\/fr\/wp-json\/wp\/v2\/media?parent=6905"}],"wp:term":[{"taxonomy":"category","embeddable":true,"href":"https:\/\/maxdivani.it\/fr\/wp-json\/wp\/v2\/categories?post=6905"},{"taxonomy":"post_tag","embeddable":true,"href":"https:\/\/maxdivani.it\/fr\/wp-json\/wp\/v2\/tags?post=6905"}],"curies":[{"name":"wp","href":"https:\/\/api.w.org\/{rel}","templated":true}]}}