{"id":6904,"date":"2026-04-02T16:53:19","date_gmt":"2026-04-02T16:53:19","guid":{"rendered":"https:\/\/maxdivani.it\/non-classe\/salone-du-meuble-de-milan-2026-max-divani-au-hall-1-stand-b03\/"},"modified":"2026-04-02T16:53:19","modified_gmt":"2026-04-02T16:53:19","slug":"salone-du-meuble-de-milan-2026-max-divani-au-hall-1-stand-b03","status":"publish","type":"post","link":"https:\/\/maxdivani.it\/fr\/actualites-et-evenements\/salone-du-meuble-de-milan-2026-max-divani-au-hall-1-stand-b03\/","title":{"rendered":"Salone du Meuble de Milan 2026 : Max Divani au hall 1 stand B03"},"content":{"rendered":"<p>Il y a une seule vraie demande ici : traduction en fran\u00e7ais en conservant le HTML. Voil\u00e0 la version traduite :<\/p>\n<p>Il Salon du meuble de Milan 2026 se confirme \u00e9galement cette ann\u00e9e comme l\u2019un des \u00e9v\u00e9nements les plus importants au niveau international dans le domaine de l\u2019ameublement et du design. Un rendez-vous qui rassemble professionnels, entreprises et passionn\u00e9s du monde entier, transformant Milan en c\u0153ur battant de l\u2019innovation en mati\u00e8re de design.<br \/>\nDans ce contexte d\u2019excellence, Max Divani sera pr\u00e9sent au Hall 1 \u2013 Stand B03, en pr\u00e9sentant une vision \u00e9volu\u00e9e du confort, o\u00f9 design, mati\u00e8re et recherche dialoguent de mani\u00e8re authentique.<br \/>\n<strong>Une exp\u00e9rience immersive dans le design contemporain<\/strong><br \/>\n<strong>Un espace pens\u00e9 pour raconter le confort<\/strong><br \/>\nLe stand Max Divani n\u2019est pas seulement un espace d\u2019exposition, mais un environnement con\u00e7u pour accueillir.<br \/>\nUn lieu o\u00f9 chaque d\u00e9tail contribue \u00e0 construire une narration coh\u00e9rente : celle d\u2019un confort \u00e9volu\u00e9, fait de proportions, de mat\u00e9riaux et de sensibilit\u00e9 esth\u00e9tique.<br \/>\nDe nouveaux mod\u00e8les et de nouveaux rev\u00eatements seront les protagonistes de notre espace au Salon.<br \/>\nFormes, textures et finitions se rencontrent dans un \u00e9quilibre \u00e9tudi\u00e9 pour valoriser l\u2019espace de vie sans le dominer, en pleine coh\u00e9rence avec le langage de la marque.<br \/>\n<strong>70 ans d\u2019artisanat italien<\/strong><br \/>\n<strong>Tradition et vision de conception<\/strong><br \/>\n70 ans d\u2019artisanat italien, de fabrication et d\u2019exp\u00e9rience accompagnent ce parcours : la valeur de l\u2019artisanat italien se traduit par un soin constant du d\u00e9tail, dans le choix des mat\u00e9riaux et dans la capacit\u00e9 \u00e0 interpr\u00e9ter le design contemporain avec \u00e9l\u00e9gance et mesure.<br \/>\nIl ne s\u2019agit pas simplement de production, mais d\u2019un processus qui unit fabrication, culture du design et sensibilit\u00e9 esth\u00e9tique, avec l\u2019objectif de cr\u00e9er des produits durables dans le temps et dans le style.<br \/>\n<strong>Pourquoi visiter le stand Max Divani<\/strong><br \/>\n<strong>Un point de r\u00e9f\u00e9rence pour professionnels et passionn\u00e9s<\/strong><br \/>\nVisiter le stand au Salon international du meuble de Milan 2026 signifie entrer en contact direct avec une r\u00e9alit\u00e9 qui red\u00e9finit son positionnement sur le march\u00e9 du design.<\/p>\n","protected":false},"excerpt":{"rendered":"<p>Il y a une seule vraie demande ici : traduction en fran\u00e7ais en conservant le HTML. Voil\u00e0 la version traduite : Il Salon du meuble de Milan 2026 se confirme \u00e9galement cette ann\u00e9e comme l\u2019un des \u00e9v\u00e9nements les plus importants au niveau international dans le domaine de l\u2019ameublement et du design. Un rendez-vous qui rassemble [&hellip;]<\/p>\n","protected":false},"author":1,"featured_media":6899,"comment_status":"closed","ping_status":"closed","sticky":false,"template":"","format":"standard","meta":{"_acf_changed":false,"footnotes":""},"categories":[32],"tags":[],"class_list":["post-6904","post","type-post","status-publish","format-standard","has-post-thumbnail","hentry","category-actualites-et-evenements"],"acf":[],"yoast_head":"<!-- This site is optimized with the Yoast SEO plugin v27.5 - https:\/\/yoast.com\/product\/yoast-seo-wordpress\/ -->\n<title>Salon du meuble de Milan 2026 : Max Divani au Hall 1 Stand B03<\/title>\n<meta name=\"robots\" content=\"index, follow, max-snippet:-1, max-image-preview:large, max-video-preview:-1\" \/>\n<link rel=\"canonical\" href=\"https:\/\/maxdivani.it\/news-ed-eventi\/salone-del-mobile-milano-2026-max-divani-al-padiglione-1-stand-b03\/\" \/>\n<meta property=\"og:locale\" content=\"fr_FR\" \/>\n<meta property=\"og:type\" content=\"article\" \/>\n<meta property=\"og:title\" content=\"Salon du meuble de Milan 2026 : Max Divani au Hall 1 Stand B03\" \/>\n<meta property=\"og:description\" content=\"Il y a une seule vraie demande ici : traduction en fran\u00e7ais en conservant le HTML. Voil\u00e0 la version traduite : Il Salon du meuble de Milan 2026 se confirme \u00e9galement cette ann\u00e9e comme l\u2019un des \u00e9v\u00e9nements les plus importants au niveau international dans le domaine de l\u2019ameublement et du design. Un rendez-vous qui rassemble [&hellip;]\" \/>\n<meta property=\"og:url\" content=\"https:\/\/maxdivani.it\/news-ed-eventi\/salone-del-mobile-milano-2026-max-divani-al-padiglione-1-stand-b03\/\" \/>\n<meta property=\"og:site_name\" content=\"MAXDIVANI\" \/>\n<meta property=\"article:published_time\" content=\"2026-04-02T16:53:19+00:00\" \/>\n<meta property=\"og:image\" content=\"https:\/\/maxdivani.it\/wp-content\/uploads\/2026\/04\/foto_salone2026.jpg-1.jpg\" \/>\n\t<meta property=\"og:image:width\" content=\"1200\" \/>\n\t<meta property=\"og:image:height\" content=\"800\" \/>\n\t<meta property=\"og:image:type\" content=\"image\/jpeg\" \/>\n<meta name=\"author\" content=\"admin\" \/>\n<meta name=\"twitter:card\" content=\"summary_large_image\" \/>\n<meta name=\"twitter:label1\" content=\"\u00c9crit par\" \/>\n\t<meta name=\"twitter:data1\" content=\"admin\" \/>\n\t<meta name=\"twitter:label2\" content=\"Dur\u00e9e de lecture estim\u00e9e\" \/>\n\t<meta name=\"twitter:data2\" content=\"2 minutes\" \/>\n<script type=\"application\/ld+json\" class=\"yoast-schema-graph\">{\"@context\":\"https:\\\/\\\/schema.org\",\"@graph\":[{\"@type\":\"Article\",\"@id\":\"https:\\\/\\\/maxdivani.it\\\/news-ed-eventi\\\/salone-del-mobile-milano-2026-max-divani-al-padiglione-1-stand-b03\\\/#article\",\"isPartOf\":{\"@id\":\"https:\\\/\\\/maxdivani.it\\\/news-ed-eventi\\\/salone-del-mobile-milano-2026-max-divani-al-padiglione-1-stand-b03\\\/\"},\"author\":{\"name\":\"admin\",\"@id\":\"https:\\\/\\\/maxdivani.it\\\/#\\\/schema\\\/person\\\/24eea620b34d19b345f7b38169b7c87c\"},\"headline\":\"Salone du Meuble de Milan 2026 : Max Divani au hall 1 stand B03\",\"datePublished\":\"2026-04-02T16:53:19+00:00\",\"mainEntityOfPage\":{\"@id\":\"https:\\\/\\\/maxdivani.it\\\/news-ed-eventi\\\/salone-del-mobile-milano-2026-max-divani-al-padiglione-1-stand-b03\\\/\"},\"wordCount\":373,\"publisher\":{\"@id\":\"https:\\\/\\\/maxdivani.it\\\/#organization\"},\"image\":{\"@id\":\"https:\\\/\\\/maxdivani.it\\\/news-ed-eventi\\\/salone-del-mobile-milano-2026-max-divani-al-padiglione-1-stand-b03\\\/#primaryimage\"},\"thumbnailUrl\":\"https:\\\/\\\/maxdivani.it\\\/wp-content\\\/uploads\\\/2026\\\/04\\\/foto_salone2026.jpg-1.jpg\",\"articleSection\":[\"Actualit\u00e9s et \u00e9v\u00e9nements\"],\"inLanguage\":\"fr-FR\"},{\"@type\":\"WebPage\",\"@id\":\"https:\\\/\\\/maxdivani.it\\\/news-ed-eventi\\\/salone-del-mobile-milano-2026-max-divani-al-padiglione-1-stand-b03\\\/\",\"url\":\"https:\\\/\\\/maxdivani.it\\\/news-ed-eventi\\\/salone-del-mobile-milano-2026-max-divani-al-padiglione-1-stand-b03\\\/\",\"name\":\"Salon du meuble de Milan 2026 : Max Divani au Hall 1 Stand B03\",\"isPartOf\":{\"@id\":\"https:\\\/\\\/maxdivani.it\\\/#website\"},\"primaryImageOfPage\":{\"@id\":\"https:\\\/\\\/maxdivani.it\\\/news-ed-eventi\\\/salone-del-mobile-milano-2026-max-divani-al-padiglione-1-stand-b03\\\/#primaryimage\"},\"image\":{\"@id\":\"https:\\\/\\\/maxdivani.it\\\/news-ed-eventi\\\/salone-del-mobile-milano-2026-max-divani-al-padiglione-1-stand-b03\\\/#primaryimage\"},\"thumbnailUrl\":\"https:\\\/\\\/maxdivani.it\\\/wp-content\\\/uploads\\\/2026\\\/04\\\/foto_salone2026.jpg-1.jpg\",\"datePublished\":\"2026-04-02T16:53:19+00:00\",\"breadcrumb\":{\"@id\":\"https:\\\/\\\/maxdivani.it\\\/news-ed-eventi\\\/salone-del-mobile-milano-2026-max-divani-al-padiglione-1-stand-b03\\\/#breadcrumb\"},\"inLanguage\":\"fr-FR\",\"potentialAction\":[{\"@type\":\"ReadAction\",\"target\":[\"https:\\\/\\\/maxdivani.it\\\/news-ed-eventi\\\/salone-del-mobile-milano-2026-max-divani-al-padiglione-1-stand-b03\\\/\"]}]},{\"@type\":\"ImageObject\",\"inLanguage\":\"fr-FR\",\"@id\":\"https:\\\/\\\/maxdivani.it\\\/news-ed-eventi\\\/salone-del-mobile-milano-2026-max-divani-al-padiglione-1-stand-b03\\\/#primaryimage\",\"url\":\"https:\\\/\\\/maxdivani.it\\\/wp-content\\\/uploads\\\/2026\\\/04\\\/foto_salone2026.jpg-1.jpg\",\"contentUrl\":\"https:\\\/\\\/maxdivani.it\\\/wp-content\\\/uploads\\\/2026\\\/04\\\/foto_salone2026.jpg-1.jpg\",\"width\":1200,\"height\":800},{\"@type\":\"BreadcrumbList\",\"@id\":\"https:\\\/\\\/maxdivani.it\\\/news-ed-eventi\\\/salone-del-mobile-milano-2026-max-divani-al-padiglione-1-stand-b03\\\/#breadcrumb\",\"itemListElement\":[{\"@type\":\"ListItem\",\"position\":1,\"name\":\"Home\",\"item\":\"https:\\\/\\\/maxdivani.it\\\/fr\\\/\"},{\"@type\":\"ListItem\",\"position\":2,\"name\":\"Salone du Meuble de Milan 2026 : Max Divani au hall 1 stand B03\"}]},{\"@type\":\"WebSite\",\"@id\":\"https:\\\/\\\/maxdivani.it\\\/#website\",\"url\":\"https:\\\/\\\/maxdivani.it\\\/\",\"name\":\"MAXDIVANI\",\"description\":\"100% MADE IN ITALY\",\"publisher\":{\"@id\":\"https:\\\/\\\/maxdivani.it\\\/#organization\"},\"potentialAction\":[{\"@type\":\"SearchAction\",\"target\":{\"@type\":\"EntryPoint\",\"urlTemplate\":\"https:\\\/\\\/maxdivani.it\\\/?s={search_term_string}\"},\"query-input\":{\"@type\":\"PropertyValueSpecification\",\"valueRequired\":true,\"valueName\":\"search_term_string\"}}],\"inLanguage\":\"fr-FR\"},{\"@type\":\"Organization\",\"@id\":\"https:\\\/\\\/maxdivani.it\\\/#organization\",\"name\":\"MAXDIVANI\",\"url\":\"https:\\\/\\\/maxdivani.it\\\/\",\"logo\":{\"@type\":\"ImageObject\",\"inLanguage\":\"fr-FR\",\"@id\":\"https:\\\/\\\/maxdivani.it\\\/#\\\/schema\\\/logo\\\/image\\\/\",\"url\":\"https:\\\/\\\/maxdivani.it\\\/wp-content\\\/uploads\\\/2026\\\/02\\\/logo_maxdivani.svg\",\"contentUrl\":\"https:\\\/\\\/maxdivani.it\\\/wp-content\\\/uploads\\\/2026\\\/02\\\/logo_maxdivani.svg\",\"width\":566,\"height\":141,\"caption\":\"MAXDIVANI\"},\"image\":{\"@id\":\"https:\\\/\\\/maxdivani.it\\\/#\\\/schema\\\/logo\\\/image\\\/\"}},{\"@type\":\"Person\",\"@id\":\"https:\\\/\\\/maxdivani.it\\\/#\\\/schema\\\/person\\\/24eea620b34d19b345f7b38169b7c87c\",\"name\":\"admin\",\"image\":{\"@type\":\"ImageObject\",\"inLanguage\":\"fr-FR\",\"@id\":\"https:\\\/\\\/secure.gravatar.com\\\/avatar\\\/9d09b7749e97a60868085dad851a5b27bc93f751c3f4c22def2400ec8ef9556a?s=96&d=mm&r=g\",\"url\":\"https:\\\/\\\/secure.gravatar.com\\\/avatar\\\/9d09b7749e97a60868085dad851a5b27bc93f751c3f4c22def2400ec8ef9556a?s=96&d=mm&r=g\",\"contentUrl\":\"https:\\\/\\\/secure.gravatar.com\\\/avatar\\\/9d09b7749e97a60868085dad851a5b27bc93f751c3f4c22def2400ec8ef9556a?s=96&d=mm&r=g\",\"caption\":\"admin\"},\"sameAs\":[\"https:\\\/\\\/maxdivani.it\"],\"url\":\"https:\\\/\\\/maxdivani.it\\\/fr\\\/author\\\/admin_boqdntwl\\\/\"}]}<\/script>\n<!-- \/ Yoast SEO plugin. -->","yoast_head_json":{"title":"Salon du meuble de Milan 2026 : Max Divani au Hall 1 Stand B03","robots":{"index":"index","follow":"follow","max-snippet":"max-snippet:-1","max-image-preview":"max-image-preview:large","max-video-preview":"max-video-preview:-1"},"canonical":"https:\/\/maxdivani.it\/news-ed-eventi\/salone-del-mobile-milano-2026-max-divani-al-padiglione-1-stand-b03\/","og_locale":"fr_FR","og_type":"article","og_title":"Salon du meuble de Milan 2026 : Max Divani au Hall 1 Stand B03","og_description":"Il y a une seule vraie demande ici : traduction en fran\u00e7ais en conservant le HTML. Voil\u00e0 la version traduite : Il Salon du meuble de Milan 2026 se confirme \u00e9galement cette ann\u00e9e comme l\u2019un des \u00e9v\u00e9nements les plus importants au niveau international dans le domaine de l\u2019ameublement et du design. Un rendez-vous qui rassemble [&hellip;]","og_url":"https:\/\/maxdivani.it\/news-ed-eventi\/salone-del-mobile-milano-2026-max-divani-al-padiglione-1-stand-b03\/","og_site_name":"MAXDIVANI","article_published_time":"2026-04-02T16:53:19+00:00","og_image":[{"width":1200,"height":800,"url":"https:\/\/maxdivani.it\/wp-content\/uploads\/2026\/04\/foto_salone2026.jpg-1.jpg","type":"image\/jpeg"}],"author":"admin","twitter_card":"summary_large_image","twitter_misc":{"\u00c9crit par":"admin","Dur\u00e9e de lecture estim\u00e9e":"2 minutes"},"schema":{"@context":"https:\/\/schema.org","@graph":[{"@type":"Article","@id":"https:\/\/maxdivani.it\/news-ed-eventi\/salone-del-mobile-milano-2026-max-divani-al-padiglione-1-stand-b03\/#article","isPartOf":{"@id":"https:\/\/maxdivani.it\/news-ed-eventi\/salone-del-mobile-milano-2026-max-divani-al-padiglione-1-stand-b03\/"},"author":{"name":"admin","@id":"https:\/\/maxdivani.it\/#\/schema\/person\/24eea620b34d19b345f7b38169b7c87c"},"headline":"Salone du Meuble de Milan 2026 : Max Divani au hall 1 stand B03","datePublished":"2026-04-02T16:53:19+00:00","mainEntityOfPage":{"@id":"https:\/\/maxdivani.it\/news-ed-eventi\/salone-del-mobile-milano-2026-max-divani-al-padiglione-1-stand-b03\/"},"wordCount":373,"publisher":{"@id":"https:\/\/maxdivani.it\/#organization"},"image":{"@id":"https:\/\/maxdivani.it\/news-ed-eventi\/salone-del-mobile-milano-2026-max-divani-al-padiglione-1-stand-b03\/#primaryimage"},"thumbnailUrl":"https:\/\/maxdivani.it\/wp-content\/uploads\/2026\/04\/foto_salone2026.jpg-1.jpg","articleSection":["Actualit\u00e9s et \u00e9v\u00e9nements"],"inLanguage":"fr-FR"},{"@type":"WebPage","@id":"https:\/\/maxdivani.it\/news-ed-eventi\/salone-del-mobile-milano-2026-max-divani-al-padiglione-1-stand-b03\/","url":"https:\/\/maxdivani.it\/news-ed-eventi\/salone-del-mobile-milano-2026-max-divani-al-padiglione-1-stand-b03\/","name":"Salon du meuble de Milan 2026 : Max Divani au Hall 1 Stand B03","isPartOf":{"@id":"https:\/\/maxdivani.it\/#website"},"primaryImageOfPage":{"@id":"https:\/\/maxdivani.it\/news-ed-eventi\/salone-del-mobile-milano-2026-max-divani-al-padiglione-1-stand-b03\/#primaryimage"},"image":{"@id":"https:\/\/maxdivani.it\/news-ed-eventi\/salone-del-mobile-milano-2026-max-divani-al-padiglione-1-stand-b03\/#primaryimage"},"thumbnailUrl":"https:\/\/maxdivani.it\/wp-content\/uploads\/2026\/04\/foto_salone2026.jpg-1.jpg","datePublished":"2026-04-02T16:53:19+00:00","breadcrumb":{"@id":"https:\/\/maxdivani.it\/news-ed-eventi\/salone-del-mobile-milano-2026-max-divani-al-padiglione-1-stand-b03\/#breadcrumb"},"inLanguage":"fr-FR","potentialAction":[{"@type":"ReadAction","target":["https:\/\/maxdivani.it\/news-ed-eventi\/salone-del-mobile-milano-2026-max-divani-al-padiglione-1-stand-b03\/"]}]},{"@type":"ImageObject","inLanguage":"fr-FR","@id":"https:\/\/maxdivani.it\/news-ed-eventi\/salone-del-mobile-milano-2026-max-divani-al-padiglione-1-stand-b03\/#primaryimage","url":"https:\/\/maxdivani.it\/wp-content\/uploads\/2026\/04\/foto_salone2026.jpg-1.jpg","contentUrl":"https:\/\/maxdivani.it\/wp-content\/uploads\/2026\/04\/foto_salone2026.jpg-1.jpg","width":1200,"height":800},{"@type":"BreadcrumbList","@id":"https:\/\/maxdivani.it\/news-ed-eventi\/salone-del-mobile-milano-2026-max-divani-al-padiglione-1-stand-b03\/#breadcrumb","itemListElement":[{"@type":"ListItem","position":1,"name":"Home","item":"https:\/\/maxdivani.it\/fr\/"},{"@type":"ListItem","position":2,"name":"Salone du Meuble de Milan 2026 : Max Divani au hall 1 stand B03"}]},{"@type":"WebSite","@id":"https:\/\/maxdivani.it\/#website","url":"https:\/\/maxdivani.it\/","name":"MAXDIVANI","description":"100% MADE IN ITALY","publisher":{"@id":"https:\/\/maxdivani.it\/#organization"},"potentialAction":[{"@type":"SearchAction","target":{"@type":"EntryPoint","urlTemplate":"https:\/\/maxdivani.it\/?s={search_term_string}"},"query-input":{"@type":"PropertyValueSpecification","valueRequired":true,"valueName":"search_term_string"}}],"inLanguage":"fr-FR"},{"@type":"Organization","@id":"https:\/\/maxdivani.it\/#organization","name":"MAXDIVANI","url":"https:\/\/maxdivani.it\/","logo":{"@type":"ImageObject","inLanguage":"fr-FR","@id":"https:\/\/maxdivani.it\/#\/schema\/logo\/image\/","url":"https:\/\/maxdivani.it\/wp-content\/uploads\/2026\/02\/logo_maxdivani.svg","contentUrl":"https:\/\/maxdivani.it\/wp-content\/uploads\/2026\/02\/logo_maxdivani.svg","width":566,"height":141,"caption":"MAXDIVANI"},"image":{"@id":"https:\/\/maxdivani.it\/#\/schema\/logo\/image\/"}},{"@type":"Person","@id":"https:\/\/maxdivani.it\/#\/schema\/person\/24eea620b34d19b345f7b38169b7c87c","name":"admin","image":{"@type":"ImageObject","inLanguage":"fr-FR","@id":"https:\/\/secure.gravatar.com\/avatar\/9d09b7749e97a60868085dad851a5b27bc93f751c3f4c22def2400ec8ef9556a?s=96&d=mm&r=g","url":"https:\/\/secure.gravatar.com\/avatar\/9d09b7749e97a60868085dad851a5b27bc93f751c3f4c22def2400ec8ef9556a?s=96&d=mm&r=g","contentUrl":"https:\/\/secure.gravatar.com\/avatar\/9d09b7749e97a60868085dad851a5b27bc93f751c3f4c22def2400ec8ef9556a?s=96&d=mm&r=g","caption":"admin"},"sameAs":["https:\/\/maxdivani.it"],"url":"https:\/\/maxdivani.it\/fr\/author\/admin_boqdntwl\/"}]}},"_links":{"self":[{"href":"https:\/\/maxdivani.it\/fr\/wp-json\/wp\/v2\/posts\/6904","targetHints":{"allow":["GET"]}}],"collection":[{"href":"https:\/\/maxdivani.it\/fr\/wp-json\/wp\/v2\/posts"}],"about":[{"href":"https:\/\/maxdivani.it\/fr\/wp-json\/wp\/v2\/types\/post"}],"author":[{"embeddable":true,"href":"https:\/\/maxdivani.it\/fr\/wp-json\/wp\/v2\/users\/1"}],"replies":[{"embeddable":true,"href":"https:\/\/maxdivani.it\/fr\/wp-json\/wp\/v2\/comments?post=6904"}],"version-history":[{"count":0,"href":"https:\/\/maxdivani.it\/fr\/wp-json\/wp\/v2\/posts\/6904\/revisions"}],"wp:featuredmedia":[{"embeddable":true,"href":"https:\/\/maxdivani.it\/fr\/wp-json\/wp\/v2\/media\/6899"}],"wp:attachment":[{"href":"https:\/\/maxdivani.it\/fr\/wp-json\/wp\/v2\/media?parent=6904"}],"wp:term":[{"taxonomy":"category","embeddable":true,"href":"https:\/\/maxdivani.it\/fr\/wp-json\/wp\/v2\/categories?post=6904"},{"taxonomy":"post_tag","embeddable":true,"href":"https:\/\/maxdivani.it\/fr\/wp-json\/wp\/v2\/tags?post=6904"}],"curies":[{"name":"wp","href":"https:\/\/api.w.org\/{rel}","templated":true}]}}