{"id":6901,"date":"2024-11-11T12:49:13","date_gmt":"2024-11-11T12:49:13","guid":{"rendered":"https:\/\/maxdivani.it\/non-classe\/salon-international-du-meuble-de-milan-2024-hall-1-stand-d09\/"},"modified":"2024-11-11T12:49:13","modified_gmt":"2024-11-11T12:49:13","slug":"salon-international-du-meuble-de-milan-2024-hall-1-stand-d09","status":"publish","type":"post","link":"https:\/\/maxdivani.it\/fr\/actualites-et-evenements\/salon-international-du-meuble-de-milan-2024-hall-1-stand-d09\/","title":{"rendered":"Salon International du Meuble de Milan 2024 &#8211; hall 1 stand D09"},"content":{"rendered":"<p>Le stand Maxdivani au Salon international du meuble de Milan 2024.<\/p>\n<p><strong><a href=\"https:\/\/maxdivani.it\/virtual-tour\/\">Cliquez ici<\/a> <\/strong>pour visiter l\u2019espace Maxdivani gr\u00e2ce au Virtual Tour.<\/p>\n","protected":false},"excerpt":{"rendered":"<p>Le stand Maxdivani au Salon international du meuble de Milan 2024. Cliquez ici pour visiter l\u2019espace Maxdivani gr\u00e2ce au Virtual Tour.<\/p>\n","protected":false},"author":1,"featured_media":6896,"comment_status":"open","ping_status":"open","sticky":false,"template":"","format":"standard","meta":{"_acf_changed":false,"footnotes":""},"categories":[32],"tags":[],"class_list":["post-6901","post","type-post","status-publish","format-standard","has-post-thumbnail","hentry","category-actualites-et-evenements"],"acf":[],"yoast_head":"<!-- This site is optimized with the Yoast SEO plugin v27.5 - https:\/\/yoast.com\/product\/yoast-seo-wordpress\/ -->\n<title>Salon international du meuble de Milan 2024 - hall 1 stand D09<\/title>\n<meta name=\"robots\" content=\"index, follow, max-snippet:-1, max-image-preview:large, max-video-preview:-1\" \/>\n<link rel=\"canonical\" href=\"https:\/\/maxdivani.it\/news-ed-eventi\/salone-internazionale-del-mobile-di-milano-2024-pad-1-stand-d09\/\" \/>\n<meta property=\"og:locale\" content=\"fr_FR\" \/>\n<meta property=\"og:type\" content=\"article\" \/>\n<meta property=\"og:title\" content=\"Salon international du meuble de Milan 2024 - hall 1 stand D09\" \/>\n<meta property=\"og:description\" content=\"Le stand Maxdivani au Salon international du meuble de Milan 2024. Cliquez ici pour visiter l\u2019espace Maxdivani gr\u00e2ce au Virtual Tour.\" \/>\n<meta property=\"og:url\" content=\"https:\/\/maxdivani.it\/news-ed-eventi\/salone-internazionale-del-mobile-di-milano-2024-pad-1-stand-d09\/\" \/>\n<meta property=\"og:site_name\" content=\"MAXDIVANI\" \/>\n<meta property=\"article:published_time\" content=\"2024-11-11T12:49:13+00:00\" \/>\n<meta property=\"og:image\" content=\"https:\/\/maxdivani.it\/wp-content\/uploads\/2026\/04\/sdm-2024-06.jpg\" \/>\n\t<meta property=\"og:image:width\" content=\"960\" \/>\n\t<meta property=\"og:image:height\" content=\"640\" \/>\n\t<meta property=\"og:image:type\" content=\"image\/jpeg\" \/>\n<meta name=\"author\" content=\"admin\" \/>\n<meta name=\"twitter:card\" content=\"summary_large_image\" \/>\n<meta name=\"twitter:label1\" content=\"\u00c9crit par\" \/>\n\t<meta name=\"twitter:data1\" content=\"admin\" \/>\n<script type=\"application\/ld+json\" class=\"yoast-schema-graph\">{\"@context\":\"https:\\\/\\\/schema.org\",\"@graph\":[{\"@type\":\"Article\",\"@id\":\"https:\\\/\\\/maxdivani.it\\\/news-ed-eventi\\\/salone-internazionale-del-mobile-di-milano-2024-pad-1-stand-d09\\\/#article\",\"isPartOf\":{\"@id\":\"https:\\\/\\\/maxdivani.it\\\/news-ed-eventi\\\/salone-internazionale-del-mobile-di-milano-2024-pad-1-stand-d09\\\/\"},\"author\":{\"name\":\"admin\",\"@id\":\"https:\\\/\\\/maxdivani.it\\\/#\\\/schema\\\/person\\\/24eea620b34d19b345f7b38169b7c87c\"},\"headline\":\"Salon International du Meuble de Milan 2024 &#8211; hall 1 stand D09\",\"datePublished\":\"2024-11-11T12:49:13+00:00\",\"mainEntityOfPage\":{\"@id\":\"https:\\\/\\\/maxdivani.it\\\/news-ed-eventi\\\/salone-internazionale-del-mobile-di-milano-2024-pad-1-stand-d09\\\/\"},\"wordCount\":32,\"commentCount\":0,\"publisher\":{\"@id\":\"https:\\\/\\\/maxdivani.it\\\/#organization\"},\"image\":{\"@id\":\"https:\\\/\\\/maxdivani.it\\\/news-ed-eventi\\\/salone-internazionale-del-mobile-di-milano-2024-pad-1-stand-d09\\\/#primaryimage\"},\"thumbnailUrl\":\"https:\\\/\\\/maxdivani.it\\\/wp-content\\\/uploads\\\/2026\\\/04\\\/sdm-2024-06.jpg\",\"articleSection\":[\"Actualit\u00e9s et \u00e9v\u00e9nements\"],\"inLanguage\":\"fr-FR\",\"potentialAction\":[{\"@type\":\"CommentAction\",\"name\":\"Comment\",\"target\":[\"https:\\\/\\\/maxdivani.it\\\/news-ed-eventi\\\/salone-internazionale-del-mobile-di-milano-2024-pad-1-stand-d09\\\/#respond\"]}]},{\"@type\":\"WebPage\",\"@id\":\"https:\\\/\\\/maxdivani.it\\\/news-ed-eventi\\\/salone-internazionale-del-mobile-di-milano-2024-pad-1-stand-d09\\\/\",\"url\":\"https:\\\/\\\/maxdivani.it\\\/news-ed-eventi\\\/salone-internazionale-del-mobile-di-milano-2024-pad-1-stand-d09\\\/\",\"name\":\"Salon international du meuble de Milan 2024 - hall 1 stand D09\",\"isPartOf\":{\"@id\":\"https:\\\/\\\/maxdivani.it\\\/#website\"},\"primaryImageOfPage\":{\"@id\":\"https:\\\/\\\/maxdivani.it\\\/news-ed-eventi\\\/salone-internazionale-del-mobile-di-milano-2024-pad-1-stand-d09\\\/#primaryimage\"},\"image\":{\"@id\":\"https:\\\/\\\/maxdivani.it\\\/news-ed-eventi\\\/salone-internazionale-del-mobile-di-milano-2024-pad-1-stand-d09\\\/#primaryimage\"},\"thumbnailUrl\":\"https:\\\/\\\/maxdivani.it\\\/wp-content\\\/uploads\\\/2026\\\/04\\\/sdm-2024-06.jpg\",\"datePublished\":\"2024-11-11T12:49:13+00:00\",\"breadcrumb\":{\"@id\":\"https:\\\/\\\/maxdivani.it\\\/news-ed-eventi\\\/salone-internazionale-del-mobile-di-milano-2024-pad-1-stand-d09\\\/#breadcrumb\"},\"inLanguage\":\"fr-FR\",\"potentialAction\":[{\"@type\":\"ReadAction\",\"target\":[\"https:\\\/\\\/maxdivani.it\\\/news-ed-eventi\\\/salone-internazionale-del-mobile-di-milano-2024-pad-1-stand-d09\\\/\"]}]},{\"@type\":\"ImageObject\",\"inLanguage\":\"fr-FR\",\"@id\":\"https:\\\/\\\/maxdivani.it\\\/news-ed-eventi\\\/salone-internazionale-del-mobile-di-milano-2024-pad-1-stand-d09\\\/#primaryimage\",\"url\":\"https:\\\/\\\/maxdivani.it\\\/wp-content\\\/uploads\\\/2026\\\/04\\\/sdm-2024-06.jpg\",\"contentUrl\":\"https:\\\/\\\/maxdivani.it\\\/wp-content\\\/uploads\\\/2026\\\/04\\\/sdm-2024-06.jpg\",\"width\":960,\"height\":640},{\"@type\":\"BreadcrumbList\",\"@id\":\"https:\\\/\\\/maxdivani.it\\\/news-ed-eventi\\\/salone-internazionale-del-mobile-di-milano-2024-pad-1-stand-d09\\\/#breadcrumb\",\"itemListElement\":[{\"@type\":\"ListItem\",\"position\":1,\"name\":\"Home\",\"item\":\"https:\\\/\\\/maxdivani.it\\\/fr\\\/\"},{\"@type\":\"ListItem\",\"position\":2,\"name\":\"Salon International du Meuble de Milan 2024 &#8211; hall 1 stand D09\"}]},{\"@type\":\"WebSite\",\"@id\":\"https:\\\/\\\/maxdivani.it\\\/#website\",\"url\":\"https:\\\/\\\/maxdivani.it\\\/\",\"name\":\"MAXDIVANI\",\"description\":\"100% MADE IN ITALY\",\"publisher\":{\"@id\":\"https:\\\/\\\/maxdivani.it\\\/#organization\"},\"potentialAction\":[{\"@type\":\"SearchAction\",\"target\":{\"@type\":\"EntryPoint\",\"urlTemplate\":\"https:\\\/\\\/maxdivani.it\\\/?s={search_term_string}\"},\"query-input\":{\"@type\":\"PropertyValueSpecification\",\"valueRequired\":true,\"valueName\":\"search_term_string\"}}],\"inLanguage\":\"fr-FR\"},{\"@type\":\"Organization\",\"@id\":\"https:\\\/\\\/maxdivani.it\\\/#organization\",\"name\":\"MAXDIVANI\",\"url\":\"https:\\\/\\\/maxdivani.it\\\/\",\"logo\":{\"@type\":\"ImageObject\",\"inLanguage\":\"fr-FR\",\"@id\":\"https:\\\/\\\/maxdivani.it\\\/#\\\/schema\\\/logo\\\/image\\\/\",\"url\":\"https:\\\/\\\/maxdivani.it\\\/wp-content\\\/uploads\\\/2026\\\/02\\\/logo_maxdivani.svg\",\"contentUrl\":\"https:\\\/\\\/maxdivani.it\\\/wp-content\\\/uploads\\\/2026\\\/02\\\/logo_maxdivani.svg\",\"width\":566,\"height\":141,\"caption\":\"MAXDIVANI\"},\"image\":{\"@id\":\"https:\\\/\\\/maxdivani.it\\\/#\\\/schema\\\/logo\\\/image\\\/\"}},{\"@type\":\"Person\",\"@id\":\"https:\\\/\\\/maxdivani.it\\\/#\\\/schema\\\/person\\\/24eea620b34d19b345f7b38169b7c87c\",\"name\":\"admin\",\"image\":{\"@type\":\"ImageObject\",\"inLanguage\":\"fr-FR\",\"@id\":\"https:\\\/\\\/secure.gravatar.com\\\/avatar\\\/9d09b7749e97a60868085dad851a5b27bc93f751c3f4c22def2400ec8ef9556a?s=96&d=mm&r=g\",\"url\":\"https:\\\/\\\/secure.gravatar.com\\\/avatar\\\/9d09b7749e97a60868085dad851a5b27bc93f751c3f4c22def2400ec8ef9556a?s=96&d=mm&r=g\",\"contentUrl\":\"https:\\\/\\\/secure.gravatar.com\\\/avatar\\\/9d09b7749e97a60868085dad851a5b27bc93f751c3f4c22def2400ec8ef9556a?s=96&d=mm&r=g\",\"caption\":\"admin\"},\"sameAs\":[\"https:\\\/\\\/maxdivani.it\"],\"url\":\"https:\\\/\\\/maxdivani.it\\\/fr\\\/author\\\/admin_boqdntwl\\\/\"}]}<\/script>\n<!-- \/ Yoast SEO plugin. -->","yoast_head_json":{"title":"Salon international du meuble de Milan 2024 - hall 1 stand D09","robots":{"index":"index","follow":"follow","max-snippet":"max-snippet:-1","max-image-preview":"max-image-preview:large","max-video-preview":"max-video-preview:-1"},"canonical":"https:\/\/maxdivani.it\/news-ed-eventi\/salone-internazionale-del-mobile-di-milano-2024-pad-1-stand-d09\/","og_locale":"fr_FR","og_type":"article","og_title":"Salon international du meuble de Milan 2024 - hall 1 stand D09","og_description":"Le stand Maxdivani au Salon international du meuble de Milan 2024. Cliquez ici pour visiter l\u2019espace Maxdivani gr\u00e2ce au Virtual Tour.","og_url":"https:\/\/maxdivani.it\/news-ed-eventi\/salone-internazionale-del-mobile-di-milano-2024-pad-1-stand-d09\/","og_site_name":"MAXDIVANI","article_published_time":"2024-11-11T12:49:13+00:00","og_image":[{"width":960,"height":640,"url":"https:\/\/maxdivani.it\/wp-content\/uploads\/2026\/04\/sdm-2024-06.jpg","type":"image\/jpeg"}],"author":"admin","twitter_card":"summary_large_image","twitter_misc":{"\u00c9crit par":"admin"},"schema":{"@context":"https:\/\/schema.org","@graph":[{"@type":"Article","@id":"https:\/\/maxdivani.it\/news-ed-eventi\/salone-internazionale-del-mobile-di-milano-2024-pad-1-stand-d09\/#article","isPartOf":{"@id":"https:\/\/maxdivani.it\/news-ed-eventi\/salone-internazionale-del-mobile-di-milano-2024-pad-1-stand-d09\/"},"author":{"name":"admin","@id":"https:\/\/maxdivani.it\/#\/schema\/person\/24eea620b34d19b345f7b38169b7c87c"},"headline":"Salon International du Meuble de Milan 2024 &#8211; hall 1 stand D09","datePublished":"2024-11-11T12:49:13+00:00","mainEntityOfPage":{"@id":"https:\/\/maxdivani.it\/news-ed-eventi\/salone-internazionale-del-mobile-di-milano-2024-pad-1-stand-d09\/"},"wordCount":32,"commentCount":0,"publisher":{"@id":"https:\/\/maxdivani.it\/#organization"},"image":{"@id":"https:\/\/maxdivani.it\/news-ed-eventi\/salone-internazionale-del-mobile-di-milano-2024-pad-1-stand-d09\/#primaryimage"},"thumbnailUrl":"https:\/\/maxdivani.it\/wp-content\/uploads\/2026\/04\/sdm-2024-06.jpg","articleSection":["Actualit\u00e9s et \u00e9v\u00e9nements"],"inLanguage":"fr-FR","potentialAction":[{"@type":"CommentAction","name":"Comment","target":["https:\/\/maxdivani.it\/news-ed-eventi\/salone-internazionale-del-mobile-di-milano-2024-pad-1-stand-d09\/#respond"]}]},{"@type":"WebPage","@id":"https:\/\/maxdivani.it\/news-ed-eventi\/salone-internazionale-del-mobile-di-milano-2024-pad-1-stand-d09\/","url":"https:\/\/maxdivani.it\/news-ed-eventi\/salone-internazionale-del-mobile-di-milano-2024-pad-1-stand-d09\/","name":"Salon international du meuble de Milan 2024 - hall 1 stand D09","isPartOf":{"@id":"https:\/\/maxdivani.it\/#website"},"primaryImageOfPage":{"@id":"https:\/\/maxdivani.it\/news-ed-eventi\/salone-internazionale-del-mobile-di-milano-2024-pad-1-stand-d09\/#primaryimage"},"image":{"@id":"https:\/\/maxdivani.it\/news-ed-eventi\/salone-internazionale-del-mobile-di-milano-2024-pad-1-stand-d09\/#primaryimage"},"thumbnailUrl":"https:\/\/maxdivani.it\/wp-content\/uploads\/2026\/04\/sdm-2024-06.jpg","datePublished":"2024-11-11T12:49:13+00:00","breadcrumb":{"@id":"https:\/\/maxdivani.it\/news-ed-eventi\/salone-internazionale-del-mobile-di-milano-2024-pad-1-stand-d09\/#breadcrumb"},"inLanguage":"fr-FR","potentialAction":[{"@type":"ReadAction","target":["https:\/\/maxdivani.it\/news-ed-eventi\/salone-internazionale-del-mobile-di-milano-2024-pad-1-stand-d09\/"]}]},{"@type":"ImageObject","inLanguage":"fr-FR","@id":"https:\/\/maxdivani.it\/news-ed-eventi\/salone-internazionale-del-mobile-di-milano-2024-pad-1-stand-d09\/#primaryimage","url":"https:\/\/maxdivani.it\/wp-content\/uploads\/2026\/04\/sdm-2024-06.jpg","contentUrl":"https:\/\/maxdivani.it\/wp-content\/uploads\/2026\/04\/sdm-2024-06.jpg","width":960,"height":640},{"@type":"BreadcrumbList","@id":"https:\/\/maxdivani.it\/news-ed-eventi\/salone-internazionale-del-mobile-di-milano-2024-pad-1-stand-d09\/#breadcrumb","itemListElement":[{"@type":"ListItem","position":1,"name":"Home","item":"https:\/\/maxdivani.it\/fr\/"},{"@type":"ListItem","position":2,"name":"Salon International du Meuble de Milan 2024 &#8211; hall 1 stand D09"}]},{"@type":"WebSite","@id":"https:\/\/maxdivani.it\/#website","url":"https:\/\/maxdivani.it\/","name":"MAXDIVANI","description":"100% MADE IN ITALY","publisher":{"@id":"https:\/\/maxdivani.it\/#organization"},"potentialAction":[{"@type":"SearchAction","target":{"@type":"EntryPoint","urlTemplate":"https:\/\/maxdivani.it\/?s={search_term_string}"},"query-input":{"@type":"PropertyValueSpecification","valueRequired":true,"valueName":"search_term_string"}}],"inLanguage":"fr-FR"},{"@type":"Organization","@id":"https:\/\/maxdivani.it\/#organization","name":"MAXDIVANI","url":"https:\/\/maxdivani.it\/","logo":{"@type":"ImageObject","inLanguage":"fr-FR","@id":"https:\/\/maxdivani.it\/#\/schema\/logo\/image\/","url":"https:\/\/maxdivani.it\/wp-content\/uploads\/2026\/02\/logo_maxdivani.svg","contentUrl":"https:\/\/maxdivani.it\/wp-content\/uploads\/2026\/02\/logo_maxdivani.svg","width":566,"height":141,"caption":"MAXDIVANI"},"image":{"@id":"https:\/\/maxdivani.it\/#\/schema\/logo\/image\/"}},{"@type":"Person","@id":"https:\/\/maxdivani.it\/#\/schema\/person\/24eea620b34d19b345f7b38169b7c87c","name":"admin","image":{"@type":"ImageObject","inLanguage":"fr-FR","@id":"https:\/\/secure.gravatar.com\/avatar\/9d09b7749e97a60868085dad851a5b27bc93f751c3f4c22def2400ec8ef9556a?s=96&d=mm&r=g","url":"https:\/\/secure.gravatar.com\/avatar\/9d09b7749e97a60868085dad851a5b27bc93f751c3f4c22def2400ec8ef9556a?s=96&d=mm&r=g","contentUrl":"https:\/\/secure.gravatar.com\/avatar\/9d09b7749e97a60868085dad851a5b27bc93f751c3f4c22def2400ec8ef9556a?s=96&d=mm&r=g","caption":"admin"},"sameAs":["https:\/\/maxdivani.it"],"url":"https:\/\/maxdivani.it\/fr\/author\/admin_boqdntwl\/"}]}},"_links":{"self":[{"href":"https:\/\/maxdivani.it\/fr\/wp-json\/wp\/v2\/posts\/6901","targetHints":{"allow":["GET"]}}],"collection":[{"href":"https:\/\/maxdivani.it\/fr\/wp-json\/wp\/v2\/posts"}],"about":[{"href":"https:\/\/maxdivani.it\/fr\/wp-json\/wp\/v2\/types\/post"}],"author":[{"embeddable":true,"href":"https:\/\/maxdivani.it\/fr\/wp-json\/wp\/v2\/users\/1"}],"replies":[{"embeddable":true,"href":"https:\/\/maxdivani.it\/fr\/wp-json\/wp\/v2\/comments?post=6901"}],"version-history":[{"count":0,"href":"https:\/\/maxdivani.it\/fr\/wp-json\/wp\/v2\/posts\/6901\/revisions"}],"wp:featuredmedia":[{"embeddable":true,"href":"https:\/\/maxdivani.it\/fr\/wp-json\/wp\/v2\/media\/6896"}],"wp:attachment":[{"href":"https:\/\/maxdivani.it\/fr\/wp-json\/wp\/v2\/media?parent=6901"}],"wp:term":[{"taxonomy":"category","embeddable":true,"href":"https:\/\/maxdivani.it\/fr\/wp-json\/wp\/v2\/categories?post=6901"},{"taxonomy":"post_tag","embeddable":true,"href":"https:\/\/maxdivani.it\/fr\/wp-json\/wp\/v2\/tags?post=6901"}],"curies":[{"name":"wp","href":"https:\/\/api.w.org\/{rel}","templated":true}]}}